{"id":7206,"date":"2022-08-17T10:26:41","date_gmt":"2022-08-17T08:26:41","guid":{"rendered":"https:\/\/www.julienfournie.com\/en\/?p=7206"},"modified":"2022-10-06T13:34:40","modified_gmt":"2022-10-06T11:34:40","slug":"color-of-the-year-2022","status":"publish","type":"post","link":"https:\/\/www.julienfournie.com\/en\/color-of-the-year-2022\/","title":{"rendered":"Colores tendencia oto\u00f1o-invierno 2022\/2023: gu\u00eda completa de los tonos que vestir\u00e1n la temporada"},"content":{"rendered":"\n<figure class=\"wp-block-image aligncenter size-full is-resized\"><img loading=\"lazy\" decoding=\"async\" src=\"https:\/\/www.julienfournie.com\/wp-content\/uploads\/2022\/08\/logo-harpers-baazar.png\" alt=\"\" class=\"wp-image-9431\" width=\"151\" height=\"51\" title=\"\"><figcaption>Espa\u00f1a<\/figcaption><\/figure>\n\n\n\n<h6 class=\"wp-block-heading\">Color del a\u00f1o 2022: ultravioleta<\/h6>\n\n\n\n<p style=\"font-size:16px\">&#8230;Desde que Pantone anunciara que&nbsp;<a href=\"https:\/\/www.harpersbazaar.com\/es\/moda\/compras\/a38491711\/very-peri-color-pantone-2022-pasarela-prendas-comprar\/\" target=\"_blank\" rel=\"noreferrer noopener\">el color de 2022 ser\u00eda el Very Peri<\/a>&nbsp;solo cab\u00eda esperar que la moda respondiera y lo incluyera sin dudar en sus colecciones. Dicho y hecho, los tonos lilas y violetas con subtonos gris\u00e1ceos se convierten en indispensables recorriendo todas las pasarelas internacionales. Adem\u00e1s, m\u00e1s all\u00e1 de colarse en las colecciones&nbsp;<em>ready to wear,<\/em>&nbsp;los tonos lilas han imperado sobre <a href=\"https:\/\/www.julienfournie.com\/haute-couture-ah-2022\/\" data-type=\"page\" data-id=\"7771\">las pasarelas de Alta Costura<\/a>, pudiendo vaticinarse as\u00ed su futuro \u00e9xito en alfombras rojas y diferentes galas&#8230;<\/p>\n\n\n\n<figure class=\"wp-block-image aligncenter size-large is-resized\"><img loading=\"lazy\" decoding=\"async\" src=\"https:\/\/www.julienfournie.com\/wp-content\/uploads\/2022\/07\/19A-683x1024.jpg\" alt=\"haute couture ah 2022-2023\" class=\"wp-image-8036\" width=\"342\" height=\"512\" title=\"\"><figcaption>Uno de los vestidos de la colecci\u00f3n de alta costura First Creatures de Julien Fourni\u00e9<\/figcaption><\/figure>\n\n\n\n<h6 class=\"wp-block-heading\">Color of the year 2022: ultraviolet<\/h6>\n\n\n\n<p style=\"font-size:16px\"><em>Since Pantone announced that the color of the year 2022 would be Very Peri, it was expected that fashion reacts and integrates it without hesitation in its collections. No sooner said than done, the lilac and purple tones with grayish shades have become a must on all international catwalks. In addition, beyond the ready-to-wear collections, lilac tones have reigned supreme on the catwalks of the Haute Couture, and we can predict their future success on red carpets and at various galas.<\/em><\/p>\n\n\n\n<div class=\"wp-block-buttons is-layout-flex wp-block-buttons-is-layout-flex\">\n<div class=\"wp-block-button\"><a class=\"wp-block-button__link\" href=\"https:\/\/www.harpersbazaar.com\/es\/moda\/tendencias\/a40790932\/colores-tendencia-otono-invierno-2022-2023\/\" target=\"_blank\" rel=\"noreferrer noopener\">Lear Read<\/a><\/div>\n<\/div>\n\n\n\n<div class=\"wp-block-group is-layout-flow wp-block-group-is-layout-flow\">\n<p class=\"has-text-align-center has-small-font-size\" style=\"font-style:normal;font-weight:300\">Read : The secrets of Haute Couture Outfits<\/p>\n\n\n\n<div class=\"wp-block-query is-layout-flow wp-block-query-is-layout-flow\"><ul class=\"wp-block-post-template is-layout-flow wp-block-post-template-is-layout-flow\"><li class=\"wp-block-post post-18213 post type-post status-publish format-standard has-post-thumbnail hentry category-fashion category-haute-couture-outfits-secrets tag-haute-couture tag-haute-couture-dress tag-julien-fournie\">\n<h6 style=\"font-size:14px;font-style:normal;font-weight:300;\" class=\"has-text-align-center wp-block-post-title\"><a href=\"https:\/\/www.julienfournie.com\/en\/dynasty-haute-couture-dress\/\" target=\"_self\">Dynasty Haute Couture Dress<\/a><\/h6>\n\n<figure style=\"width:800px;\" class=\"alignwide wp-block-post-featured-image\"><a href=\"https:\/\/www.julienfournie.com\/en\/dynasty-haute-couture-dress\/\" target=\"_self\"><img loading=\"lazy\" decoding=\"async\" width=\"1900\" height=\"1267\" src=\"https:\/\/www.julienfournie.com\/en\/wp-content\/uploads\/sites\/4\/2025\/02\/IMG_7629.jpg\" class=\"attachment-full size-full wp-post-image\" alt=\"Dynasty Haute Couture Dress\" style=\"object-fit:contain;\" srcset=\"https:\/\/www.julienfournie.com\/en\/wp-content\/uploads\/sites\/4\/2025\/02\/IMG_7629.jpg 1900w, https:\/\/www.julienfournie.com\/en\/wp-content\/uploads\/sites\/4\/2025\/02\/IMG_7629-300x200.jpg 300w, https:\/\/www.julienfournie.com\/en\/wp-content\/uploads\/sites\/4\/2025\/02\/IMG_7629-1024x683.jpg 1024w, https:\/\/www.julienfournie.com\/en\/wp-content\/uploads\/sites\/4\/2025\/02\/IMG_7629-768x512.jpg 768w, https:\/\/www.julienfournie.com\/en\/wp-content\/uploads\/sites\/4\/2025\/02\/IMG_7629-1536x1024.jpg 1536w, https:\/\/www.julienfournie.com\/en\/wp-content\/uploads\/sites\/4\/2025\/02\/IMG_7629-1200x800.jpg 1200w, https:\/\/www.julienfournie.com\/en\/wp-content\/uploads\/sites\/4\/2025\/02\/IMG_7629-600x400.jpg 600w\" sizes=\"auto, (max-width: 1900px) 100vw, 1900px\" title=\"\"><\/a><\/figure>\n\n<div style=\"font-size:10px;\" class=\"has-text-align-center wp-block-post-excerpt\"><p class=\"wp-block-post-excerpt__excerpt\">Chapter 24 The Dynasty Haute Couture dress from the First Circus collection This asymmetrical Haute Couture dress with vertiginous slit<\/p><p class=\"wp-block-post-excerpt__more-text\"><a class=\"wp-block-post-excerpt__more-link\" href=\"https:\/\/www.julienfournie.com\/en\/dynasty-haute-couture-dress\/\">See<\/a><\/p><\/div>\n<\/li><li class=\"wp-block-post post-17451 post type-post status-publish format-standard has-post-thumbnail hentry category-fashion category-haute-couture-outfits-secrets tag-haute-couture tag-haute-couture-dress tag-julien-fournie tag-luxury-bags tag-luxury-handbags\">\n<h6 style=\"font-size:14px;font-style:normal;font-weight:300;\" class=\"has-text-align-center wp-block-post-title\"><a href=\"https:\/\/www.julienfournie.com\/en\/haute-couture-barbie-goes-to-versailles\/\" target=\"_self\">Barbie goes to Versailles<\/a><\/h6>\n\n<figure style=\"width:800px;\" class=\"alignwide wp-block-post-featured-image\"><a href=\"https:\/\/www.julienfournie.com\/en\/haute-couture-barbie-goes-to-versailles\/\" target=\"_self\"><img loading=\"lazy\" decoding=\"async\" width=\"1024\" height=\"683\" src=\"https:\/\/www.julienfournie.com\/en\/wp-content\/uploads\/sites\/4\/2024\/09\/OUVERTURE-COLLECTION-HAUTE-COUTURE-LAST-QUEEN-JULIEN-FOURNIE_039-1.jpg\" class=\"attachment-full size-full wp-post-image\" alt=\"Barbie goes to Versailles\" style=\"object-fit:contain;\" srcset=\"https:\/\/www.julienfournie.com\/en\/wp-content\/uploads\/sites\/4\/2024\/09\/OUVERTURE-COLLECTION-HAUTE-COUTURE-LAST-QUEEN-JULIEN-FOURNIE_039-1.jpg 1024w, https:\/\/www.julienfournie.com\/en\/wp-content\/uploads\/sites\/4\/2024\/09\/OUVERTURE-COLLECTION-HAUTE-COUTURE-LAST-QUEEN-JULIEN-FOURNIE_039-1-300x200.jpg 300w, https:\/\/www.julienfournie.com\/en\/wp-content\/uploads\/sites\/4\/2024\/09\/OUVERTURE-COLLECTION-HAUTE-COUTURE-LAST-QUEEN-JULIEN-FOURNIE_039-1-768x512.jpg 768w, https:\/\/www.julienfournie.com\/en\/wp-content\/uploads\/sites\/4\/2024\/09\/OUVERTURE-COLLECTION-HAUTE-COUTURE-LAST-QUEEN-JULIEN-FOURNIE_039-1-600x400.jpg 600w\" sizes=\"auto, (max-width: 1024px) 100vw, 1024px\" title=\"\"><\/a><\/figure>\n\n<div style=\"font-size:10px;\" class=\"has-text-align-center wp-block-post-excerpt\"><p class=\"wp-block-post-excerpt__excerpt\">Chapter 21 When Barbie goes to Versailles This fourth look from the Haute Couture Last Queen collection features a tulle<\/p><p class=\"wp-block-post-excerpt__more-text\"><a class=\"wp-block-post-excerpt__more-link\" href=\"https:\/\/www.julienfournie.com\/en\/haute-couture-barbie-goes-to-versailles\/\">See<\/a><\/p><\/div>\n<\/li><li class=\"wp-block-post post-17148 post type-post status-publish format-standard has-post-thumbnail hentry category-fashion category-haute-couture-outfits-secrets tag-embroideries tag-fashion-show tag-haute-couture\">\n<h6 style=\"font-size:14px;font-style:normal;font-weight:300;\" class=\"has-text-align-center wp-block-post-title\"><a href=\"https:\/\/www.julienfournie.com\/en\/high-fashion-incroyables-and-merveilleuses\/\" target=\"_self\">The most glamorous of the Incroyables and Merveilleuses<\/a><\/h6>\n\n<figure style=\"width:800px;\" class=\"alignwide wp-block-post-featured-image\"><a href=\"https:\/\/www.julienfournie.com\/en\/high-fashion-incroyables-and-merveilleuses\/\" target=\"_self\"><img loading=\"lazy\" decoding=\"async\" width=\"1024\" height=\"683\" src=\"https:\/\/www.julienfournie.com\/en\/wp-content\/uploads\/sites\/4\/2024\/08\/LAST-QUEEN-HAUTE-COUTURE_02_ANNA_305-Julien-Fournie-.jpg\" class=\"attachment-full size-full wp-post-image\" alt=\"The most glamorous of the Incroyables and Merveilleuses\" style=\"object-fit:contain;\" srcset=\"https:\/\/www.julienfournie.com\/en\/wp-content\/uploads\/sites\/4\/2024\/08\/LAST-QUEEN-HAUTE-COUTURE_02_ANNA_305-Julien-Fournie-.jpg 1024w, https:\/\/www.julienfournie.com\/en\/wp-content\/uploads\/sites\/4\/2024\/08\/LAST-QUEEN-HAUTE-COUTURE_02_ANNA_305-Julien-Fournie--300x200.jpg 300w, https:\/\/www.julienfournie.com\/en\/wp-content\/uploads\/sites\/4\/2024\/08\/LAST-QUEEN-HAUTE-COUTURE_02_ANNA_305-Julien-Fournie--768x512.jpg 768w, https:\/\/www.julienfournie.com\/en\/wp-content\/uploads\/sites\/4\/2024\/08\/LAST-QUEEN-HAUTE-COUTURE_02_ANNA_305-Julien-Fournie--600x400.jpg 600w\" sizes=\"auto, (max-width: 1024px) 100vw, 1024px\" title=\"\"><\/a><\/figure>\n\n<div style=\"font-size:10px;\" class=\"has-text-align-center wp-block-post-excerpt\"><p class=\"wp-block-post-excerpt__excerpt\">Chapitre 22, The most glamorous of the Incroyables and Merveilleuses This second look from the Last Queen Haute Couture collection<\/p><p class=\"wp-block-post-excerpt__more-text\"><a class=\"wp-block-post-excerpt__more-link\" href=\"https:\/\/www.julienfournie.com\/en\/high-fashion-incroyables-and-merveilleuses\/\">See<\/a><\/p><\/div>\n<\/li><\/ul><\/div>\n<\/div>\n\n\n\n<h2 class=\"wp-block-heading has-text-align-left has-large-font-size\">You&#8217;re going to love this, too!<\/h2>\n\n\n\n<div class=\"wp-block-query is-layout-constrained wp-block-query-is-layout-constrained\"><ul class=\"wp-block-post-template is-layout-flow wp-block-post-template-is-layout-flow\"><li class=\"wp-block-post post-20718 post type-post status-publish format-standard has-post-thumbnail hentry category-events category-fashion\">\n\n<div class=\"wp-block-columns alignwide is-layout-flex wp-container-core-columns-is-layout-28f84493 wp-block-columns-is-layout-flex\">\n<div class=\"wp-block-column is-layout-flow wp-block-column-is-layout-flow\" style=\"flex-basis:66.66%\"><figure class=\"wp-block-post-featured-image\"><a href=\"https:\/\/www.julienfournie.com\/en\/bibi-zhou-aerospace-ceremony\/\" target=\"_self\"><img loading=\"lazy\" decoding=\"async\" width=\"1390\" height=\"869\" src=\"https:\/\/www.julienfournie.com\/en\/wp-content\/uploads\/sites\/4\/2026\/04\/Bibi-Zhou-\u5468\u7b14\u7545-Julien-Fournie-Haute-Couture5.jpg\" class=\"attachment-post-thumbnail size-post-thumbnail wp-post-image\" alt=\"Bibi Zhou in Julien Fourni\u00e9 Haute Couture\" style=\"object-fit:cover;\" srcset=\"https:\/\/www.julienfournie.com\/en\/wp-content\/uploads\/sites\/4\/2026\/04\/Bibi-Zhou-\u5468\u7b14\u7545-Julien-Fournie-Haute-Couture5.jpg 1390w, https:\/\/www.julienfournie.com\/en\/wp-content\/uploads\/sites\/4\/2026\/04\/Bibi-Zhou-\u5468\u7b14\u7545-Julien-Fournie-Haute-Couture5-300x188.jpg 300w, https:\/\/www.julienfournie.com\/en\/wp-content\/uploads\/sites\/4\/2026\/04\/Bibi-Zhou-\u5468\u7b14\u7545-Julien-Fournie-Haute-Couture5-1024x640.jpg 1024w, https:\/\/www.julienfournie.com\/en\/wp-content\/uploads\/sites\/4\/2026\/04\/Bibi-Zhou-\u5468\u7b14\u7545-Julien-Fournie-Haute-Couture5-768x480.jpg 768w, https:\/\/www.julienfournie.com\/en\/wp-content\/uploads\/sites\/4\/2026\/04\/Bibi-Zhou-\u5468\u7b14\u7545-Julien-Fournie-Haute-Couture5-600x375.jpg 600w\" sizes=\"auto, (max-width: 1390px) 100vw, 1390px\" title=\"\"><\/a><\/figure><\/div>\n\n\n\n<div class=\"wp-block-column is-layout-flow wp-block-column-is-layout-flow\" style=\"flex-basis:33.33%\"><h2 class=\"wp-block-post-title\"><a href=\"https:\/\/www.julienfournie.com\/en\/bibi-zhou-aerospace-ceremony\/\" target=\"_self\">Bibi Zhou in Julien Fourni\u00e9 Haute Couture<\/a><\/h2>\n\n<div class=\"wp-block-post-excerpt\"><p class=\"wp-block-post-excerpt__excerpt\">Bibi Zhou (\u5468\u7b14\u7545) in Julien Fourni\u00e9 Haute Couture. On April 24, 2026, at the solemn and vibrant Chinese Aerospace Ceremony,<\/p><p class=\"wp-block-post-excerpt__more-text\"><a class=\"wp-block-post-excerpt__more-link\" href=\"https:\/\/www.julienfournie.com\/en\/bibi-zhou-aerospace-ceremony\/\">See<\/a><\/p><\/div><\/div>\n<\/div>\n\n\n\n<div style=\"height:30px\" aria-hidden=\"true\" class=\"wp-block-spacer\"><\/div>\n\n<\/li><li class=\"wp-block-post post-20713 post type-post status-publish format-standard has-post-thumbnail hentry category-fashion category-in-the-press\">\n\n<div class=\"wp-block-columns alignwide is-layout-flex wp-container-core-columns-is-layout-28f84493 wp-block-columns-is-layout-flex\">\n<div class=\"wp-block-column is-layout-flow wp-block-column-is-layout-flow\" style=\"flex-basis:66.66%\"><figure class=\"wp-block-post-featured-image\"><a href=\"https:\/\/www.julienfournie.com\/en\/wu-lei-in-julien-fournie-haute-couture\/\" target=\"_self\"><img loading=\"lazy\" decoding=\"async\" width=\"960\" height=\"1240\" src=\"https:\/\/www.julienfournie.com\/en\/wp-content\/uploads\/sites\/4\/2026\/04\/IMG_2103.jpg\" class=\"attachment-post-thumbnail size-post-thumbnail wp-post-image\" alt=\"Wu Lei (\u5434\u78ca) graces the April 2026 issue of HERO wearing Julien Fourni\u00e9 Haute Couture\" style=\"object-fit:cover;\" srcset=\"https:\/\/www.julienfournie.com\/en\/wp-content\/uploads\/sites\/4\/2026\/04\/IMG_2103.jpg 960w, https:\/\/www.julienfournie.com\/en\/wp-content\/uploads\/sites\/4\/2026\/04\/IMG_2103-232x300.jpg 232w, https:\/\/www.julienfournie.com\/en\/wp-content\/uploads\/sites\/4\/2026\/04\/IMG_2103-793x1024.jpg 793w, https:\/\/www.julienfournie.com\/en\/wp-content\/uploads\/sites\/4\/2026\/04\/IMG_2103-768x992.jpg 768w, https:\/\/www.julienfournie.com\/en\/wp-content\/uploads\/sites\/4\/2026\/04\/IMG_2103-600x775.jpg 600w\" sizes=\"auto, (max-width: 960px) 100vw, 960px\" title=\"\"><\/a><\/figure><\/div>\n\n\n\n<div class=\"wp-block-column is-layout-flow wp-block-column-is-layout-flow\" style=\"flex-basis:33.33%\"><h2 class=\"wp-block-post-title\"><a href=\"https:\/\/www.julienfournie.com\/en\/wu-lei-in-julien-fournie-haute-couture\/\" target=\"_self\">Wu Lei (\u5434\u78ca) graces the April 2026 issue of HERO wearing Julien Fourni\u00e9 Haute Couture<\/a><\/h2>\n\n<div class=\"wp-block-post-excerpt\"><p class=\"wp-block-post-excerpt__excerpt\">For the April 2026 issue of HERO, actor and cultural icon Wu Lei (\u5434\u78ca) appears in a series of portraits<\/p><p class=\"wp-block-post-excerpt__more-text\"><a class=\"wp-block-post-excerpt__more-link\" href=\"https:\/\/www.julienfournie.com\/en\/wu-lei-in-julien-fournie-haute-couture\/\">See<\/a><\/p><\/div><\/div>\n<\/div>\n\n\n\n<div style=\"height:30px\" aria-hidden=\"true\" class=\"wp-block-spacer\"><\/div>\n\n<\/li><li class=\"wp-block-post post-20688 post type-post status-publish format-standard has-post-thumbnail hentry category-in-the-press category-fashion\">\n\n<div class=\"wp-block-columns alignwide is-layout-flex wp-container-core-columns-is-layout-28f84493 wp-block-columns-is-layout-flex\">\n<div class=\"wp-block-column is-layout-flow wp-block-column-is-layout-flow\" style=\"flex-basis:66.66%\"><figure class=\"wp-block-post-featured-image\"><a href=\"https:\/\/www.julienfournie.com\/en\/nini-%e5%80%aa%e5%a6%ae-in-julien-fournie-haute-couture\/\" target=\"_self\"><img loading=\"lazy\" decoding=\"async\" width=\"880\" height=\"1173\" src=\"https:\/\/www.julienfournie.com\/en\/wp-content\/uploads\/sites\/4\/2026\/04\/NNi-\u502a\u59ae-in-JULIEN-FOURNIE-HAUTE-COUTURE3.jpg\" class=\"attachment-post-thumbnail size-post-thumbnail wp-post-image\" alt=\"NiNi (\u502a\u59ae) in Julien Fourni\u00e9 Haute Couture In Kinfolk\" style=\"object-fit:cover;\" srcset=\"https:\/\/www.julienfournie.com\/en\/wp-content\/uploads\/sites\/4\/2026\/04\/NNi-\u502a\u59ae-in-JULIEN-FOURNIE-HAUTE-COUTURE3.jpg 880w, https:\/\/www.julienfournie.com\/en\/wp-content\/uploads\/sites\/4\/2026\/04\/NNi-\u502a\u59ae-in-JULIEN-FOURNIE-HAUTE-COUTURE3-225x300.jpg 225w, https:\/\/www.julienfournie.com\/en\/wp-content\/uploads\/sites\/4\/2026\/04\/NNi-\u502a\u59ae-in-JULIEN-FOURNIE-HAUTE-COUTURE3-768x1024.jpg 768w, https:\/\/www.julienfournie.com\/en\/wp-content\/uploads\/sites\/4\/2026\/04\/NNi-\u502a\u59ae-in-JULIEN-FOURNIE-HAUTE-COUTURE3-600x800.jpg 600w\" sizes=\"auto, (max-width: 880px) 100vw, 880px\" title=\"\"><\/a><\/figure><\/div>\n\n\n\n<div class=\"wp-block-column is-layout-flow wp-block-column-is-layout-flow\" style=\"flex-basis:33.33%\"><h2 class=\"wp-block-post-title\"><a href=\"https:\/\/www.julienfournie.com\/en\/nini-%e5%80%aa%e5%a6%ae-in-julien-fournie-haute-couture\/\" target=\"_self\">NiNi (\u502a\u59ae) in Julien Fourni\u00e9 Haute Couture In Kinfolk<\/a><\/h2>\n\n<div class=\"wp-block-post-excerpt\"><p class=\"wp-block-post-excerpt__excerpt\">Chinese actress NiNi (\u502a\u59ae) was recently photographed wearing a look from Julien Fourni\u00e9 Haute Couture for an exclusive Kinfolk feature.<\/p><p class=\"wp-block-post-excerpt__more-text\"><a class=\"wp-block-post-excerpt__more-link\" href=\"https:\/\/www.julienfournie.com\/en\/nini-%e5%80%aa%e5%a6%ae-in-julien-fournie-haute-couture\/\">See<\/a><\/p><\/div><\/div>\n<\/div>\n\n\n\n<div style=\"height:30px\" aria-hidden=\"true\" class=\"wp-block-spacer\"><\/div>\n\n<\/li><li class=\"wp-block-post post-20652 post type-post status-publish format-standard has-post-thumbnail hentry category-fashion category-in-the-press tag-haute-couture tag-haute-couture-dress\">\n\n<div class=\"wp-block-columns alignwide is-layout-flex wp-container-core-columns-is-layout-28f84493 wp-block-columns-is-layout-flex\">\n<div class=\"wp-block-column is-layout-flow wp-block-column-is-layout-flow\" style=\"flex-basis:66.66%\"><figure class=\"wp-block-post-featured-image\"><a href=\"https:\/\/www.julienfournie.com\/en\/cecilia-cheung-in-grazia-china\/\" target=\"_self\"><img loading=\"lazy\" decoding=\"async\" width=\"1330\" height=\"916\" src=\"https:\/\/www.julienfournie.com\/en\/wp-content\/uploads\/sites\/4\/2026\/04\/CECILIA-CHEUNG-IN-JULIEN-FOURNIE-HAUTE-COUTURE3.jpg\" class=\"attachment-post-thumbnail size-post-thumbnail wp-post-image\" alt=\"Cecilia Cheung in Julien Fourni\u00e9 Haute Couture SS 26 in Grazia china\" style=\"object-fit:cover;\" srcset=\"https:\/\/www.julienfournie.com\/en\/wp-content\/uploads\/sites\/4\/2026\/04\/CECILIA-CHEUNG-IN-JULIEN-FOURNIE-HAUTE-COUTURE3.jpg 1330w, https:\/\/www.julienfournie.com\/en\/wp-content\/uploads\/sites\/4\/2026\/04\/CECILIA-CHEUNG-IN-JULIEN-FOURNIE-HAUTE-COUTURE3-300x207.jpg 300w, https:\/\/www.julienfournie.com\/en\/wp-content\/uploads\/sites\/4\/2026\/04\/CECILIA-CHEUNG-IN-JULIEN-FOURNIE-HAUTE-COUTURE3-1024x705.jpg 1024w, https:\/\/www.julienfournie.com\/en\/wp-content\/uploads\/sites\/4\/2026\/04\/CECILIA-CHEUNG-IN-JULIEN-FOURNIE-HAUTE-COUTURE3-768x529.jpg 768w, https:\/\/www.julienfournie.com\/en\/wp-content\/uploads\/sites\/4\/2026\/04\/CECILIA-CHEUNG-IN-JULIEN-FOURNIE-HAUTE-COUTURE3-600x413.jpg 600w\" sizes=\"auto, (max-width: 1330px) 100vw, 1330px\" title=\"\"><\/a><\/figure><\/div>\n\n\n\n<div class=\"wp-block-column is-layout-flow wp-block-column-is-layout-flow\" style=\"flex-basis:33.33%\"><h2 class=\"wp-block-post-title\"><a href=\"https:\/\/www.julienfournie.com\/en\/cecilia-cheung-in-grazia-china\/\" target=\"_self\">Cecilia Cheung in Julien Fourni\u00e9 Haute Couture SS 26 in Grazia china<\/a><\/h2>\n\n<div class=\"wp-block-post-excerpt\"><p class=\"wp-block-post-excerpt__excerpt\">CECILIA CHEUNG the CRYSTALIZED ANGEL KNIGHT CECILIA CHEUNG (\u5f35\u6822\u829d) in Julien Fourni\u00e9 Haute Couture in Grazia china. Cecilia Cheung transforms<\/p><p class=\"wp-block-post-excerpt__more-text\"><a class=\"wp-block-post-excerpt__more-link\" href=\"https:\/\/www.julienfournie.com\/en\/cecilia-cheung-in-grazia-china\/\">See<\/a><\/p><\/div><\/div>\n<\/div>\n\n\n\n<div style=\"height:30px\" aria-hidden=\"true\" class=\"wp-block-spacer\"><\/div>\n\n<\/li><\/ul><\/div>\n\n\n","protected":false},"excerpt":{"rendered":"<p>Color del a\u00f1o 2022: ultravioleta &#8230;Desde que Pantone anunciara que&nbsp;el color de 2022 ser\u00eda el Very Peri&nbsp;solo cab\u00eda esperar que [&hellip;]<\/p>\n","protected":false},"author":2,"featured_media":7207,"comment_status":"closed","ping_status":"closed","sticky":false,"template":"","format":"standard","meta":{"_uag_custom_page_level_css":"","site-sidebar-layout":"default","site-content-layout":"","ast-site-content-layout":"default","site-content-style":"default","site-sidebar-style":"default","ast-global-header-display":"","ast-banner-title-visibility":"","ast-main-header-display":"","ast-hfb-above-header-display":"","ast-hfb-below-header-display":"","ast-hfb-mobile-header-display":"","site-post-title":"","ast-breadcrumbs-content":"","ast-featured-img":"","footer-sml-layout":"","ast-disable-related-posts":"","theme-transparent-header-meta":"","adv-header-id-meta":"","stick-header-meta":"","header-above-stick-meta":"","header-main-stick-meta":"","header-below-stick-meta":"","astra-migrate-meta-layouts":"default","ast-page-background-enabled":"default","ast-page-background-meta":{"desktop":{"background-color":"var(--ast-global-color-5)","background-image":"","background-repeat":"repeat","background-position":"center center","background-size":"auto","background-attachment":"scroll","background-type":"","background-media":"","overlay-type":"","overlay-color":"","overlay-opacity":"","overlay-gradient":""},"tablet":{"background-color":"","background-image":"","background-repeat":"repeat","background-position":"center center","background-size":"auto","background-attachment":"scroll","background-type":"","background-media":"","overlay-type":"","overlay-color":"","overlay-opacity":"","overlay-gradient":""},"mobile":{"background-color":"","background-image":"","background-repeat":"repeat","background-position":"center center","background-size":"auto","background-attachment":"scroll","background-type":"","background-media":"","overlay-type":"","overlay-color":"","overlay-opacity":"","overlay-gradient":""}},"ast-content-background-meta":{"desktop":{"background-color":"var(--ast-global-color-4)","background-image":"","background-repeat":"repeat","background-position":"center center","background-size":"auto","background-attachment":"scroll","background-type":"","background-media":"","overlay-type":"","overlay-color":"","overlay-opacity":"","overlay-gradient":""},"tablet":{"background-color":"var(--ast-global-color-4)","background-image":"","background-repeat":"repeat","background-position":"center center","background-size":"auto","background-attachment":"scroll","background-type":"","background-media":"","overlay-type":"","overlay-color":"","overlay-opacity":"","overlay-gradient":""},"mobile":{"background-color":"var(--ast-global-color-4)","background-image":"","background-repeat":"repeat","background-position":"center center","background-size":"auto","background-attachment":"scroll","background-type":"","background-media":"","overlay-type":"","overlay-color":"","overlay-opacity":"","overlay-gradient":""}},"editor_notices":[],"footnotes":""},"categories":[38,30],"tags":[42,33],"class_list":["post-7206","post","type-post","status-publish","format-standard","has-post-thumbnail","hentry","category-fashion","category-in-the-press","tag-haute-couture-dress","tag-julien-fournie"],"uagb_featured_image_src":{"full":["https:\/\/www.julienfournie.com\/en\/wp-content\/uploads\/sites\/4\/2022\/08\/colores-tendencia-otono-invierno-2022-2023-3-1659518080.jpeg",980,1742,false],"thumbnail":["https:\/\/www.julienfournie.com\/en\/wp-content\/uploads\/sites\/4\/2022\/08\/colores-tendencia-otono-invierno-2022-2023-3-1659518080-150x150.jpeg",150,150,true],"medium":["https:\/\/www.julienfournie.com\/en\/wp-content\/uploads\/sites\/4\/2022\/08\/colores-tendencia-otono-invierno-2022-2023-3-1659518080-169x300.jpeg",169,300,true],"medium_large":["https:\/\/www.julienfournie.com\/en\/wp-content\/uploads\/sites\/4\/2022\/08\/colores-tendencia-otono-invierno-2022-2023-3-1659518080-768x1365.jpeg",768,1365,true],"large":["https:\/\/www.julienfournie.com\/en\/wp-content\/uploads\/sites\/4\/2022\/08\/colores-tendencia-otono-invierno-2022-2023-3-1659518080-576x1024.jpeg",576,1024,true],"1536x1536":["https:\/\/www.julienfournie.com\/en\/wp-content\/uploads\/sites\/4\/2022\/08\/colores-tendencia-otono-invierno-2022-2023-3-1659518080-864x1536.jpeg",864,1536,true],"2048x2048":["https:\/\/www.julienfournie.com\/en\/wp-content\/uploads\/sites\/4\/2022\/08\/colores-tendencia-otono-invierno-2022-2023-3-1659518080.jpeg",980,1742,false],"woocommerce_thumbnail":["https:\/\/www.julienfournie.com\/en\/wp-content\/uploads\/sites\/4\/2022\/08\/colores-tendencia-otono-invierno-2022-2023-3-1659518080-450x450.jpeg",300,300,true],"woocommerce_single":["https:\/\/www.julienfournie.com\/en\/wp-content\/uploads\/sites\/4\/2022\/08\/colores-tendencia-otono-invierno-2022-2023-3-1659518080.jpeg",600,1067,false],"woocommerce_gallery_thumbnail":["https:\/\/www.julienfournie.com\/en\/wp-content\/uploads\/sites\/4\/2022\/08\/colores-tendencia-otono-invierno-2022-2023-3-1659518080-100x100.jpeg",100,100,true]},"uagb_author_info":{"display_name":"Maison Julien Fourni\u00e9","author_link":"https:\/\/www.julienfournie.com\/en\/author\/joel\/"},"uagb_comment_info":0,"uagb_excerpt":"Color del a\u00f1o 2022: ultravioleta &#8230;Desde que Pantone anunciara que&nbsp;el color de 2022 ser\u00eda el Very Peri&nbsp;solo cab\u00eda esperar que [&hellip;]","_links":{"self":[{"href":"https:\/\/www.julienfournie.com\/en\/wp-json\/wp\/v2\/posts\/7206","targetHints":{"allow":["GET"]}}],"collection":[{"href":"https:\/\/www.julienfournie.com\/en\/wp-json\/wp\/v2\/posts"}],"about":[{"href":"https:\/\/www.julienfournie.com\/en\/wp-json\/wp\/v2\/types\/post"}],"author":[{"embeddable":true,"href":"https:\/\/www.julienfournie.com\/en\/wp-json\/wp\/v2\/users\/2"}],"replies":[{"embeddable":true,"href":"https:\/\/www.julienfournie.com\/en\/wp-json\/wp\/v2\/comments?post=7206"}],"version-history":[{"count":0,"href":"https:\/\/www.julienfournie.com\/en\/wp-json\/wp\/v2\/posts\/7206\/revisions"}],"wp:featuredmedia":[{"embeddable":true,"href":"https:\/\/www.julienfournie.com\/en\/wp-json\/wp\/v2\/media\/7207"}],"wp:attachment":[{"href":"https:\/\/www.julienfournie.com\/en\/wp-json\/wp\/v2\/media?parent=7206"}],"wp:term":[{"taxonomy":"category","embeddable":true,"href":"https:\/\/www.julienfournie.com\/en\/wp-json\/wp\/v2\/categories?post=7206"},{"taxonomy":"post_tag","embeddable":true,"href":"https:\/\/www.julienfournie.com\/en\/wp-json\/wp\/v2\/tags?post=7206"}],"curies":[{"name":"wp","href":"https:\/\/api.w.org\/{rel}","templated":true}]}}