{"id":6055,"date":"2022-06-22T10:43:00","date_gmt":"2022-06-22T09:43:00","guid":{"rendered":"https:\/\/www.julienfournie.com\/en\/?p=6055"},"modified":"2022-06-26T09:09:39","modified_gmt":"2022-06-26T08:09:39","slug":"erminie-blondel-haute-couture-2","status":"publish","type":"post","link":"https:\/\/www.julienfournie.com\/en\/erminie-blondel-haute-couture-2\/","title":{"rendered":"Erminie Blondel in Julien Fourni\u00e9"},"content":{"rendered":"\n<p class=\"has-text-align-right has-normal-font-size\"><a href=\"https:\/\/boutique.julienfournie.com\"><i class=\"icon-shopping-bag\"><\/i><\/a> <a href=\"https:\/\/www.julienfournie.com\/contactez-nous-julien-fournie-haute-couture\/\"><i class=\"icon-envelope-open-o\"><\/i><\/a><a href=\"https:\/\/www.julienfournie.com\/maison-julien-fournie-haute-couture-2\/\"><i class=\"icon-info\"><\/i><\/a> <a href=\"https:\/\/www.julienfournie.com\/en\/\">\ud83c\uddec\ud83c\udde7<\/a><\/p>\n\n\n\n<div class=\"wp-block-image\"><figure class=\"aligncenter size-full is-resized\"><img loading=\"lazy\" decoding=\"async\" src=\"https:\/\/www.julienfournie.com\/wp-content\/uploads\/2022\/06\/cd9289a4-phpecdfer.png\" alt=\"\" class=\"wp-image-7636\" width=\"113\" height=\"83\" title=\"\"><\/figure><\/div>\n\n\n\n<p style=\"font-size:16px\"><a href=\"http:\/\/www.erminieblondel.com\/erminie-blondel-biography.html\" target=\"_blank\" rel=\"noreferrer noopener\">Erminie Blondel<\/a> was in Julien Fourni\u00e9 Haute Couture in front of some 8000 spectators of the Th\u00e9\u00e2tre antique d&#8217;Orange, during the Musiques en f\u00eate opening of the Chor\u00e9gies d&#8217;Orange 2022. This program, presented by Judith Chaine and Cyril F\u00e9raud, was broadcast on France 3 and simultaneously on France Musique.<\/p>\n\n\n\n<p style=\"font-size:16px\">The soprano sang in duet with Marcelo Puente &#8221; Mi chiamano Mimi\u2026 O soave fanciulla &#8221; extracted from La Boheme by Giacomo Puccini. She was accompanied by the National Orchestra of Cannes under the direction of Luciano Acocella, as well as by the lyrical artists of the Choir of Parma and the Opera of Monte-Carlo.<\/p>\n\n\n\n<iframe loading=\"lazy\" width=\"560\" height=\"315\" src=\"\/\/embedftv-a.akamaihd.net\/f511dc19520fb6894ba308976be4adea\" frameborder=\"0\" scrolling=\"no\" allowfullscreen=\"\"><\/iframe>\n\n\n\n<p style=\"font-size:16px\">Since 2011, Musiques en f\u00eate has become the unmissable event of the beginning of the summer, the kick-off of the Chor\u00e9gies d&#8217;Orange season. The Chor\u00e9gies d&#8217;Orange is the oldest French festival since 1869.<\/p>\n\n\n\n<h6 class=\"wp-block-heading\" style=\"font-style:normal;font-weight:300\">Erminie Blondel in a dress from the First Bliss collection<\/h6>\n\n\n\n<div class=\"wp-block-columns is-layout-flex wp-container-core-columns-is-layout-28f84493 wp-block-columns-is-layout-flex\">\n<div class=\"wp-block-column is-layout-flow wp-block-column-is-layout-flow\" style=\"flex-basis:66.66%\">\n<div class=\"wp-block-image\"><figure class=\"aligncenter size-full\"><img decoding=\"async\" src=\"https:\/\/www.julienfournie.com\/wp-content\/uploads\/2021\/07\/julien_fournie_SS19_couture-27A.jpg\" alt=\"premiere plenitude haute couture\" class=\"wp-image-2910\" title=\"\"><\/figure><\/div>\n<\/div>\n\n\n\n<div class=\"wp-block-column is-vertically-aligned-center is-layout-flow wp-block-column-is-layout-flow\" style=\"flex-basis:33.33%\">\n<p style=\"font-size:14px\">Erminie Blondel wore a dress from the <a href=\"https:\/\/www.julienfournie.com\/en\/first-bliss-haute-couture-spring-summer\/\" data-type=\"page\" data-id=\"1684\">First Bliss<\/a> collection. <\/p>\n<\/div>\n<\/div>\n\n\n\n<figure class=\"wp-block-image alignwide size-full\"><img loading=\"lazy\" decoding=\"async\" width=\"1320\" height=\"880\" src=\"https:\/\/www.julienfournie.com\/en\/wp-content\/uploads\/sites\/4\/2025\/06\/IMG_1054.jpg\" alt=\"fashion show\" class=\"wp-image-18702\" title=\"\" srcset=\"https:\/\/www.julienfournie.com\/en\/wp-content\/uploads\/sites\/4\/2025\/06\/IMG_1054.jpg 1320w, https:\/\/www.julienfournie.com\/en\/wp-content\/uploads\/sites\/4\/2025\/06\/IMG_1054-300x200.jpg 300w, https:\/\/www.julienfournie.com\/en\/wp-content\/uploads\/sites\/4\/2025\/06\/IMG_1054-1024x683.jpg 1024w, https:\/\/www.julienfournie.com\/en\/wp-content\/uploads\/sites\/4\/2025\/06\/IMG_1054-768x512.jpg 768w, https:\/\/www.julienfournie.com\/en\/wp-content\/uploads\/sites\/4\/2025\/06\/IMG_1054-1200x800.jpg 1200w, https:\/\/www.julienfournie.com\/en\/wp-content\/uploads\/sites\/4\/2025\/06\/IMG_1054-600x400.jpg 600w, https:\/\/www.julienfournie.com\/en\/wp-content\/uploads\/sites\/4\/2025\/06\/IMG_1054-150x100.jpg 150w\" sizes=\"auto, (max-width: 1320px) 100vw, 1320px\" \/><\/figure>\n\n\n\n<div class=\"wp-block-columns alignwide are-vertically-aligned-center is-layout-flex wp-container-core-columns-is-layout-28f84493 wp-block-columns-is-layout-flex\">\n<div class=\"wp-block-column is-vertically-aligned-center is-layout-flow wp-block-column-is-layout-flow\">\n<p style=\"line-height:2\"><br><\/p>\n<\/div>\n\n\n\n<div class=\"wp-block-column is-vertically-aligned-center is-layout-flow wp-block-column-is-layout-flow\">\n<div class=\"wp-block-buttons is-layout-flex wp-block-buttons-is-layout-flex\">\n<div class=\"wp-block-button has-custom-width wp-block-button__width-100\"><a class=\"wp-block-button__link has-text-color has-background wp-element-button\" href=\"https:\/\/www.youtube.com\/playlist?list=PLDTBBoQMRtMR_hxswpRGE94W2jA6gASgf\" style=\"color:#efefef;background-color:#262626\" target=\"_blank\" rel=\"noopener\">\u2192 The haute couture fashion shows<\/a><\/div>\n<\/div>\n<\/div>\n<\/div>\n\n\n","protected":false},"excerpt":{"rendered":"<p>\ud83c\uddec\ud83c\udde7 Erminie Blondel was in Julien Fourni\u00e9 Haute Couture in front of some 8000 spectators of the Th\u00e9\u00e2tre antique d&#8217;Orange, [&hellip;]<\/p>\n","protected":false},"author":1,"featured_media":6056,"comment_status":"closed","ping_status":"closed","sticky":false,"template":"","format":"standard","meta":{"_uag_custom_page_level_css":"","site-sidebar-layout":"default","site-content-layout":"","ast-site-content-layout":"default","site-content-style":"default","site-sidebar-style":"default","ast-global-header-display":"","ast-banner-title-visibility":"","ast-main-header-display":"","ast-hfb-above-header-display":"","ast-hfb-below-header-display":"","ast-hfb-mobile-header-display":"","site-post-title":"","ast-breadcrumbs-content":"","ast-featured-img":"","footer-sml-layout":"","ast-disable-related-posts":"","theme-transparent-header-meta":"","adv-header-id-meta":"","stick-header-meta":"","header-above-stick-meta":"","header-main-stick-meta":"","header-below-stick-meta":"","astra-migrate-meta-layouts":"default","ast-page-background-enabled":"default","ast-page-background-meta":{"desktop":{"background-color":"var(--ast-global-color-5)","background-image":"","background-repeat":"repeat","background-position":"center center","background-size":"auto","background-attachment":"scroll","background-type":"","background-media":"","overlay-type":"","overlay-color":"","overlay-opacity":"","overlay-gradient":""},"tablet":{"background-color":"","background-image":"","background-repeat":"repeat","background-position":"center center","background-size":"auto","background-attachment":"scroll","background-type":"","background-media":"","overlay-type":"","overlay-color":"","overlay-opacity":"","overlay-gradient":""},"mobile":{"background-color":"","background-image":"","background-repeat":"repeat","background-position":"center center","background-size":"auto","background-attachment":"scroll","background-type":"","background-media":"","overlay-type":"","overlay-color":"","overlay-opacity":"","overlay-gradient":""}},"ast-content-background-meta":{"desktop":{"background-color":"var(--ast-global-color-4)","background-image":"","background-repeat":"repeat","background-position":"center center","background-size":"auto","background-attachment":"scroll","background-type":"","background-media":"","overlay-type":"","overlay-color":"","overlay-opacity":"","overlay-gradient":""},"tablet":{"background-color":"var(--ast-global-color-4)","background-image":"","background-repeat":"repeat","background-position":"center center","background-size":"auto","background-attachment":"scroll","background-type":"","background-media":"","overlay-type":"","overlay-color":"","overlay-opacity":"","overlay-gradient":""},"mobile":{"background-color":"var(--ast-global-color-4)","background-image":"","background-repeat":"repeat","background-position":"center center","background-size":"auto","background-attachment":"scroll","background-type":"","background-media":"","overlay-type":"","overlay-color":"","overlay-opacity":"","overlay-gradient":""}},"editor_notices":[],"footnotes":""},"categories":[28,40],"tags":[],"class_list":["post-6055","post","type-post","status-publish","format-standard","has-post-thumbnail","hentry","category-concert","category-events"],"uagb_featured_image_src":{"full":["https:\/\/www.julienfournie.com\/en\/wp-content\/uploads\/sites\/4\/2022\/06\/erminieblondelmusiquesfenfete2022.jpg",1920,1279,false],"thumbnail":["https:\/\/www.julienfournie.com\/en\/wp-content\/uploads\/sites\/4\/2022\/06\/erminieblondelmusiquesfenfete2022-150x150.jpg",150,150,true],"medium":["https:\/\/www.julienfournie.com\/en\/wp-content\/uploads\/sites\/4\/2022\/06\/erminieblondelmusiquesfenfete2022-300x200.jpg",300,200,true],"medium_large":["https:\/\/www.julienfournie.com\/en\/wp-content\/uploads\/sites\/4\/2022\/06\/erminieblondelmusiquesfenfete2022-768x512.jpg",768,512,true],"large":["https:\/\/www.julienfournie.com\/en\/wp-content\/uploads\/sites\/4\/2022\/06\/erminieblondelmusiquesfenfete2022-1024x682.jpg",1024,682,true],"1536x1536":["https:\/\/www.julienfournie.com\/en\/wp-content\/uploads\/sites\/4\/2022\/06\/erminieblondelmusiquesfenfete2022-1536x1023.jpg",1536,1023,true],"2048x2048":["https:\/\/www.julienfournie.com\/en\/wp-content\/uploads\/sites\/4\/2022\/06\/erminieblondelmusiquesfenfete2022.jpg",1920,1279,false],"woocommerce_thumbnail":["https:\/\/www.julienfournie.com\/en\/wp-content\/uploads\/sites\/4\/2022\/06\/erminieblondelmusiquesfenfete2022-450x450.jpg",300,300,true],"woocommerce_single":["https:\/\/www.julienfournie.com\/en\/wp-content\/uploads\/sites\/4\/2022\/06\/erminieblondelmusiquesfenfete2022.jpg",600,400,false],"woocommerce_gallery_thumbnail":["https:\/\/www.julienfournie.com\/en\/wp-content\/uploads\/sites\/4\/2022\/06\/erminieblondelmusiquesfenfete2022-100x100.jpg",100,100,true]},"uagb_author_info":{"display_name":"","author_link":"https:\/\/www.julienfournie.com\/en\/author\/"},"uagb_comment_info":0,"uagb_excerpt":"\ud83c\uddec\ud83c\udde7 Erminie Blondel was in Julien Fourni\u00e9 Haute Couture in front of some 8000 spectators of the Th\u00e9\u00e2tre antique d&#8217;Orange, [&hellip;]","_links":{"self":[{"href":"https:\/\/www.julienfournie.com\/en\/wp-json\/wp\/v2\/posts\/6055","targetHints":{"allow":["GET"]}}],"collection":[{"href":"https:\/\/www.julienfournie.com\/en\/wp-json\/wp\/v2\/posts"}],"about":[{"href":"https:\/\/www.julienfournie.com\/en\/wp-json\/wp\/v2\/types\/post"}],"author":[{"embeddable":true,"href":"https:\/\/www.julienfournie.com\/en\/wp-json\/wp\/v2\/users\/1"}],"replies":[{"embeddable":true,"href":"https:\/\/www.julienfournie.com\/en\/wp-json\/wp\/v2\/comments?post=6055"}],"version-history":[{"count":0,"href":"https:\/\/www.julienfournie.com\/en\/wp-json\/wp\/v2\/posts\/6055\/revisions"}],"wp:featuredmedia":[{"embeddable":true,"href":"https:\/\/www.julienfournie.com\/en\/wp-json\/wp\/v2\/media\/6056"}],"wp:attachment":[{"href":"https:\/\/www.julienfournie.com\/en\/wp-json\/wp\/v2\/media?parent=6055"}],"wp:term":[{"taxonomy":"category","embeddable":true,"href":"https:\/\/www.julienfournie.com\/en\/wp-json\/wp\/v2\/categories?post=6055"},{"taxonomy":"post_tag","embeddable":true,"href":"https:\/\/www.julienfournie.com\/en\/wp-json\/wp\/v2\/tags?post=6055"}],"curies":[{"name":"wp","href":"https:\/\/api.w.org\/{rel}","templated":true}]}}