{"id":18270,"date":"2025-03-04T12:28:43","date_gmt":"2025-03-04T11:28:43","guid":{"rendered":"https:\/\/www.julienfournie.com\/en\/?p=18270"},"modified":"2025-03-04T12:28:45","modified_gmt":"2025-03-04T11:28:45","slug":"oscars-and-cesars-2025-personalities","status":"publish","type":"post","link":"https:\/\/www.julienfournie.com\/en\/oscars-and-cesars-2025-personalities\/","title":{"rendered":"Oscars and C\u00e9sars 2025: the personalities in Julien Fourni\u00e9"},"content":{"rendered":"\n\n\n<h2 class=\"wp-block-heading\">C\u00e9sar 2025<\/h2>\n\n\n\n<div class=\"wp-block-columns is-layout-flex wp-container-core-columns-is-layout-28f84493 wp-block-columns-is-layout-flex\">\n<div class=\"wp-block-column is-layout-flow wp-block-column-is-layout-flow\" style=\"flex-basis:66.66%\">\n<figure class=\"wp-block-image size-full\"><a href=\"https:\/\/www.julienfournie.com\/wp-content\/uploads\/sites\/4\/2025\/03\/Olivier-Reinartz-producteur-Nomme-meilleur-court-metrage-de-fiction-Cesars-2025-22Ce-qui-appartient-a-Cesar22.jpg\"><img loading=\"lazy\" decoding=\"async\" width=\"1270\" height=\"1270\" src=\"https:\/\/www.julienfournie.com\/wp-content\/uploads\/sites\/4\/2025\/03\/Olivier-Reinartz-producteur-Nomme-meilleur-court-metrage-de-fiction-Cesars-2025-22Ce-qui-appartient-a-Cesar22.jpg\" alt=\"cesars\" class=\"wp-image-18266\" title=\"\" srcset=\"https:\/\/www.julienfournie.com\/en\/wp-content\/uploads\/sites\/4\/2025\/03\/Olivier-Reinartz-producteur-Nomme-meilleur-court-metrage-de-fiction-Cesars-2025-22Ce-qui-appartient-a-Cesar22.jpg 1270w, https:\/\/www.julienfournie.com\/en\/wp-content\/uploads\/sites\/4\/2025\/03\/Olivier-Reinartz-producteur-Nomme-meilleur-court-metrage-de-fiction-Cesars-2025-22Ce-qui-appartient-a-Cesar22-300x300.jpg 300w, https:\/\/www.julienfournie.com\/en\/wp-content\/uploads\/sites\/4\/2025\/03\/Olivier-Reinartz-producteur-Nomme-meilleur-court-metrage-de-fiction-Cesars-2025-22Ce-qui-appartient-a-Cesar22-1024x1024.jpg 1024w, https:\/\/www.julienfournie.com\/en\/wp-content\/uploads\/sites\/4\/2025\/03\/Olivier-Reinartz-producteur-Nomme-meilleur-court-metrage-de-fiction-Cesars-2025-22Ce-qui-appartient-a-Cesar22-150x150.jpg 150w, https:\/\/www.julienfournie.com\/en\/wp-content\/uploads\/sites\/4\/2025\/03\/Olivier-Reinartz-producteur-Nomme-meilleur-court-metrage-de-fiction-Cesars-2025-22Ce-qui-appartient-a-Cesar22-768x768.jpg 768w, https:\/\/www.julienfournie.com\/en\/wp-content\/uploads\/sites\/4\/2025\/03\/Olivier-Reinartz-producteur-Nomme-meilleur-court-metrage-de-fiction-Cesars-2025-22Ce-qui-appartient-a-Cesar22-1200x1200.jpg 1200w, https:\/\/www.julienfournie.com\/en\/wp-content\/uploads\/sites\/4\/2025\/03\/Olivier-Reinartz-producteur-Nomme-meilleur-court-metrage-de-fiction-Cesars-2025-22Ce-qui-appartient-a-Cesar22-450x450.jpg 450w, https:\/\/www.julienfournie.com\/en\/wp-content\/uploads\/sites\/4\/2025\/03\/Olivier-Reinartz-producteur-Nomme-meilleur-court-metrage-de-fiction-Cesars-2025-22Ce-qui-appartient-a-Cesar22-600x600.jpg 600w, https:\/\/www.julienfournie.com\/en\/wp-content\/uploads\/sites\/4\/2025\/03\/Olivier-Reinartz-producteur-Nomme-meilleur-court-metrage-de-fiction-Cesars-2025-22Ce-qui-appartient-a-Cesar22-100x100.jpg 100w\" sizes=\"auto, (max-width: 1270px) 100vw, 1270px\" \/><\/a><\/figure>\n<\/div>\n\n\n\n<div class=\"wp-block-column is-vertically-aligned-center is-layout-flow wp-block-column-is-layout-flow\" style=\"flex-basis:33.33%\">\n<p style=\"font-size:12px\">Jules Reinartz nominated at the Cesars 2025 for Best Fiction Short Film with Ce qui appartient \u00e0 C\u00e9sar directed by Violette Gitton, produced by Jules Reinartz.<\/p>\n<\/div>\n<\/div>\n\n\n\n<div class=\"wp-block-columns is-layout-flex wp-container-core-columns-is-layout-28f84493 wp-block-columns-is-layout-flex\">\n<div class=\"wp-block-column is-layout-flow wp-block-column-is-layout-flow\" style=\"flex-basis:66.66%\">\n<figure class=\"wp-block-image size-full\"><a href=\"https:\/\/www.julienfournie.com\/wp-content\/uploads\/sites\/4\/2024\/01\/First-Vamps-Haute-Couture-Julien-Fournie-012-copie.jpg\"><img loading=\"lazy\" decoding=\"async\" width=\"683\" height=\"1024\" src=\"https:\/\/www.julienfournie.com\/wp-content\/uploads\/sites\/4\/2024\/01\/First-Vamps-Haute-Couture-Julien-Fournie-012-copie.jpg\" alt=\"haute couture\" class=\"wp-image-14934\" title=\"\" srcset=\"https:\/\/www.julienfournie.com\/en\/wp-content\/uploads\/sites\/4\/2024\/01\/First-Vamps-Haute-Couture-Julien-Fournie-012-copie.jpg 683w, https:\/\/www.julienfournie.com\/en\/wp-content\/uploads\/sites\/4\/2024\/01\/First-Vamps-Haute-Couture-Julien-Fournie-012-copie-200x300.jpg 200w, https:\/\/www.julienfournie.com\/en\/wp-content\/uploads\/sites\/4\/2024\/01\/First-Vamps-Haute-Couture-Julien-Fournie-012-copie-600x900.jpg 600w\" sizes=\"auto, (max-width: 683px) 100vw, 683px\" \/><\/a><\/figure>\n<\/div>\n\n\n\n<div class=\"wp-block-column is-vertically-aligned-center is-layout-flow wp-block-column-is-layout-flow\" style=\"flex-basis:33.33%\">\n<p style=\"font-size:12px\">At the Cesars, Jules Reinartz wore an embroidered jacket called Kiss of Vampire from the First Vamps Haute Couture collection.<\/p>\n<\/div>\n<\/div>\n\n\n\n<h2 class=\"wp-block-heading\">Oscars 2025<\/h2>\n\n\n\n<div class=\"wp-block-columns is-layout-flex wp-container-core-columns-is-layout-28f84493 wp-block-columns-is-layout-flex\">\n<div class=\"wp-block-column is-layout-flow wp-block-column-is-layout-flow\" style=\"flex-basis:66.66%\">\n<figure class=\"wp-block-image size-full\"><a href=\"https:\/\/www.julienfournie.com\/wp-content\/uploads\/sites\/4\/2025\/03\/Julia-Floch-Carbonel-maquillage-EMilia-Perez-Oscars-2025-04.jpg\"><img loading=\"lazy\" decoding=\"async\" width=\"1000\" height=\"1000\" src=\"https:\/\/www.julienfournie.com\/wp-content\/uploads\/sites\/4\/2025\/03\/Julia-Floch-Carbonel-maquillage-EMilia-Perez-Oscars-2025-04.jpg\" alt=\"oscars\" class=\"wp-image-18267\" title=\"\" srcset=\"https:\/\/www.julienfournie.com\/en\/wp-content\/uploads\/sites\/4\/2025\/03\/Julia-Floch-Carbonel-maquillage-EMilia-Perez-Oscars-2025-04.jpg 1000w, https:\/\/www.julienfournie.com\/en\/wp-content\/uploads\/sites\/4\/2025\/03\/Julia-Floch-Carbonel-maquillage-EMilia-Perez-Oscars-2025-04-300x300.jpg 300w, https:\/\/www.julienfournie.com\/en\/wp-content\/uploads\/sites\/4\/2025\/03\/Julia-Floch-Carbonel-maquillage-EMilia-Perez-Oscars-2025-04-150x150.jpg 150w, https:\/\/www.julienfournie.com\/en\/wp-content\/uploads\/sites\/4\/2025\/03\/Julia-Floch-Carbonel-maquillage-EMilia-Perez-Oscars-2025-04-768x768.jpg 768w, https:\/\/www.julienfournie.com\/en\/wp-content\/uploads\/sites\/4\/2025\/03\/Julia-Floch-Carbonel-maquillage-EMilia-Perez-Oscars-2025-04-450x450.jpg 450w, https:\/\/www.julienfournie.com\/en\/wp-content\/uploads\/sites\/4\/2025\/03\/Julia-Floch-Carbonel-maquillage-EMilia-Perez-Oscars-2025-04-600x600.jpg 600w, https:\/\/www.julienfournie.com\/en\/wp-content\/uploads\/sites\/4\/2025\/03\/Julia-Floch-Carbonel-maquillage-EMilia-Perez-Oscars-2025-04-100x100.jpg 100w\" sizes=\"auto, (max-width: 1000px) 100vw, 1000px\" \/><\/a><\/figure>\n<\/div>\n\n\n\n<div class=\"wp-block-column is-vertically-aligned-center is-layout-flow wp-block-column-is-layout-flow\" style=\"flex-basis:33.33%\">\n<p style=\"font-size:12px\">Julia Floch Carbonel, who was nominated for an Oscar for the best make-up and hairstyling for Jacques Audiard&#8217;s film Emilia P\u00e9rez (with Emmanuel Janvier and Jean-Christophe Spadaccini), was Julien Fourni\u00e9.<\/p>\n<\/div>\n<\/div>\n\n\n\n<div class=\"wp-block-columns is-layout-flex wp-container-core-columns-is-layout-28f84493 wp-block-columns-is-layout-flex\">\n<div class=\"wp-block-column is-layout-flow wp-block-column-is-layout-flow\" style=\"flex-basis:66.66%\">\n<figure class=\"wp-block-image size-full\"><a href=\"https:\/\/www.julienfournie.com\/wp-content\/uploads\/sites\/4\/2025\/03\/LOOK37first-circus.jpg\"><img loading=\"lazy\" decoding=\"async\" width=\"683\" height=\"1024\" src=\"https:\/\/www.julienfournie.com\/wp-content\/uploads\/sites\/4\/2025\/03\/LOOK37first-circus.jpg\" alt=\"\" class=\"wp-image-18268\" title=\"\" srcset=\"https:\/\/www.julienfournie.com\/en\/wp-content\/uploads\/sites\/4\/2025\/03\/LOOK37first-circus.jpg 683w, https:\/\/www.julienfournie.com\/en\/wp-content\/uploads\/sites\/4\/2025\/03\/LOOK37first-circus-200x300.jpg 200w, https:\/\/www.julienfournie.com\/en\/wp-content\/uploads\/sites\/4\/2025\/03\/LOOK37first-circus-600x900.jpg 600w\" sizes=\"auto, (max-width: 683px) 100vw, 683px\" \/><\/a><\/figure>\n<\/div>\n\n\n\n<div class=\"wp-block-column is-vertically-aligned-center is-layout-flow wp-block-column-is-layout-flow\" style=\"flex-basis:33.33%\">\n<p style=\"font-size:12px\">Julia Floch Carbonel wore an outfit from the First Circus Haute Couture collection.<\/p>\n<\/div>\n<\/div>\n\n\n\n<div class=\"wp-block-columns is-layout-flex wp-container-core-columns-is-layout-28f84493 wp-block-columns-is-layout-flex\">\n<div class=\"wp-block-column is-layout-flow wp-block-column-is-layout-flow\" style=\"flex-basis:66.66%\">\n<figure class=\"wp-block-image size-full\"><a href=\"https:\/\/www.julienfournie.com\/wp-content\/uploads\/sites\/4\/2025\/03\/Emmanuel-Janvier-coiffure-Emilia-Perez-Oscars-2025-2025-03-03-a-09.35.jpg\"><img loading=\"lazy\" decoding=\"async\" width=\"1024\" height=\"1024\" src=\"https:\/\/www.julienfournie.com\/wp-content\/uploads\/sites\/4\/2025\/03\/Emmanuel-Janvier-coiffure-Emilia-Perez-Oscars-2025-2025-03-03-a-09.35.jpg\" alt=\"oscar\" class=\"wp-image-18269\" title=\"\" srcset=\"https:\/\/www.julienfournie.com\/en\/wp-content\/uploads\/sites\/4\/2025\/03\/Emmanuel-Janvier-coiffure-Emilia-Perez-Oscars-2025-2025-03-03-a-09.35.jpg 1024w, https:\/\/www.julienfournie.com\/en\/wp-content\/uploads\/sites\/4\/2025\/03\/Emmanuel-Janvier-coiffure-Emilia-Perez-Oscars-2025-2025-03-03-a-09.35-300x300.jpg 300w, https:\/\/www.julienfournie.com\/en\/wp-content\/uploads\/sites\/4\/2025\/03\/Emmanuel-Janvier-coiffure-Emilia-Perez-Oscars-2025-2025-03-03-a-09.35-150x150.jpg 150w, https:\/\/www.julienfournie.com\/en\/wp-content\/uploads\/sites\/4\/2025\/03\/Emmanuel-Janvier-coiffure-Emilia-Perez-Oscars-2025-2025-03-03-a-09.35-768x768.jpg 768w, https:\/\/www.julienfournie.com\/en\/wp-content\/uploads\/sites\/4\/2025\/03\/Emmanuel-Janvier-coiffure-Emilia-Perez-Oscars-2025-2025-03-03-a-09.35-450x450.jpg 450w, https:\/\/www.julienfournie.com\/en\/wp-content\/uploads\/sites\/4\/2025\/03\/Emmanuel-Janvier-coiffure-Emilia-Perez-Oscars-2025-2025-03-03-a-09.35-600x600.jpg 600w, https:\/\/www.julienfournie.com\/en\/wp-content\/uploads\/sites\/4\/2025\/03\/Emmanuel-Janvier-coiffure-Emilia-Perez-Oscars-2025-2025-03-03-a-09.35-100x100.jpg 100w\" sizes=\"auto, (max-width: 1024px) 100vw, 1024px\" \/><\/a><\/figure>\n<\/div>\n\n\n\n<div class=\"wp-block-column is-vertically-aligned-center is-layout-flow wp-block-column-is-layout-flow\" style=\"flex-basis:33.33%\">\n<p style=\"font-size:12px\">Emmanuel Janvier, who was nominated for an Oscar for best make-up and best hairstyling for Jacques Audiard&#8217;s film Emilia P\u00e9rez (with Julia Floch Carbonel and Jean-Christophe Spadaccini), was Julien Fourni\u00e9.<\/p>\n<\/div>\n<\/div>\n\n\n\n<div class=\"wp-block-columns is-layout-flex wp-container-core-columns-is-layout-28f84493 wp-block-columns-is-layout-flex\">\n<div class=\"wp-block-column is-layout-flow wp-block-column-is-layout-flow\" style=\"flex-basis:66.66%\">\n<figure class=\"wp-block-image size-full\"><a href=\"https:\/\/www.julienfournie.com\/wp-content\/uploads\/sites\/4\/2024\/06\/COLLECTION-HAUTE-COUTURE-LAST-QUEEN-LOOK-3_0001-232-all.jpg\"><img loading=\"lazy\" decoding=\"async\" width=\"683\" height=\"1024\" src=\"https:\/\/www.julienfournie.com\/wp-content\/uploads\/sites\/4\/2024\/06\/COLLECTION-HAUTE-COUTURE-LAST-QUEEN-LOOK-3_0001-232-all.jpg\" alt=\"veste pour femme\" class=\"wp-image-16096\" title=\"\" srcset=\"https:\/\/www.julienfournie.com\/en\/wp-content\/uploads\/sites\/4\/2024\/06\/COLLECTION-HAUTE-COUTURE-LAST-QUEEN-LOOK-3_0001-232-all.jpg 683w, https:\/\/www.julienfournie.com\/en\/wp-content\/uploads\/sites\/4\/2024\/06\/COLLECTION-HAUTE-COUTURE-LAST-QUEEN-LOOK-3_0001-232-all-200x300.jpg 200w, https:\/\/www.julienfournie.com\/en\/wp-content\/uploads\/sites\/4\/2024\/06\/COLLECTION-HAUTE-COUTURE-LAST-QUEEN-LOOK-3_0001-232-all-600x900.jpg 600w\" sizes=\"auto, (max-width: 683px) 100vw, 683px\" \/><\/a><\/figure>\n<\/div>\n\n\n\n<div class=\"wp-block-column is-vertically-aligned-center is-layout-flow wp-block-column-is-layout-flow\" style=\"flex-basis:33.33%\">\n<p style=\"font-size:12px\">Emmanuel Janvier wore a jacket from the Last Queen Haute Couture collection.<\/p>\n<\/div>\n<\/div>\n\n\n\n<div class=\"wp-block-columns is-layout-flex wp-container-core-columns-is-layout-28f84493 wp-block-columns-is-layout-flex\">\n<div class=\"wp-block-column is-layout-flow wp-block-column-is-layout-flow\">\n<div class=\"wp-block-media-text is-stacked-on-mobile\"><figure class=\"wp-block-media-text__media\"><img loading=\"lazy\" decoding=\"async\" width=\"1024\" height=\"1024\" src=\"https:\/\/www.julienfournie.com\/en\/wp-content\/uploads\/sites\/4\/2024\/10\/Julien-Fournie-Maison-de-Haute-Couture.jpg\" alt=\"HAUTE COUTURE\" class=\"wp-image-17629 size-full\" title=\"\" srcset=\"https:\/\/www.julienfournie.com\/en\/wp-content\/uploads\/sites\/4\/2024\/10\/Julien-Fournie-Maison-de-Haute-Couture.jpg 1024w, https:\/\/www.julienfournie.com\/en\/wp-content\/uploads\/sites\/4\/2024\/10\/Julien-Fournie-Maison-de-Haute-Couture-300x300.jpg 300w, https:\/\/www.julienfournie.com\/en\/wp-content\/uploads\/sites\/4\/2024\/10\/Julien-Fournie-Maison-de-Haute-Couture-150x150.jpg 150w, https:\/\/www.julienfournie.com\/en\/wp-content\/uploads\/sites\/4\/2024\/10\/Julien-Fournie-Maison-de-Haute-Couture-768x768.jpg 768w, https:\/\/www.julienfournie.com\/en\/wp-content\/uploads\/sites\/4\/2024\/10\/Julien-Fournie-Maison-de-Haute-Couture-450x450.jpg 450w, https:\/\/www.julienfournie.com\/en\/wp-content\/uploads\/sites\/4\/2024\/10\/Julien-Fournie-Maison-de-Haute-Couture-600x600.jpg 600w, https:\/\/www.julienfournie.com\/en\/wp-content\/uploads\/sites\/4\/2024\/10\/Julien-Fournie-Maison-de-Haute-Couture-100x100.jpg 100w\" sizes=\"auto, (max-width: 1024px) 100vw, 1024px\" \/><\/figure><div class=\"wp-block-media-text__content\">\n<p class=\"has-ast-global-color-1-color has-text-color has-link-color wp-elements-651b07761831b5e737c677345b03efe5\">Would you like more information about one of our Haute Couture dresses?<\/p>\n\n\n\n<div class=\"wp-block-buttons is-vertical is-content-justification-left is-nowrap is-layout-flex wp-container-core-buttons-is-layout-fa48ed0c wp-block-buttons-is-layout-flex\">\n<div class=\"wp-block-button has-custom-width wp-block-button__width-100 is-style-outline is-style-outline--1\"><a class=\"wp-block-button__link has-white-color has-black-background-color has-text-color has-background has-text-align-center wp-element-button\" href=\"https:\/\/295cd177.sibforms.com\/serve\/MUIFAJn_7keuvKmvAqRXyUCQVDNscbQjvGvV0hyVI5bI2uvDRDWjSrElHpdp9dJFVdA-ba5fJu077k9KdAeiXRrA-qkLk5TLcViNQVQuGpLI7rWGn_9MV_r003xx7KjwMas9uG1XaUPVIbrQ5utKvF8EdrQTJYPhp6uK_TR42c-6fRPjfkjgkmtkJ5cFN0PSXiLpzvsdIjpBtisc\" target=\"_blank\" rel=\"noreferrer noopener\">Contact us<\/a><\/div>\n<\/div>\n<\/div><\/div>\n<\/div>\n<\/div>\n\n\n\n<div class=\"wp-block-cover alignwide has-custom-content-position is-position-center-right\" style=\"min-height:739px;aspect-ratio:unset;\"><img loading=\"lazy\" decoding=\"async\" width=\"1560\" height=\"909\" class=\"wp-block-cover__image-background wp-image-15874\" alt=\"Dilraba\" src=\"https:\/\/www.julienfournie.com\/en\/wp-content\/uploads\/sites\/4\/2024\/06\/Dilraba-9-X.jpg\" data-object-fit=\"cover\" title=\"\" srcset=\"https:\/\/www.julienfournie.com\/en\/wp-content\/uploads\/sites\/4\/2024\/06\/Dilraba-9-X.jpg 1560w, https:\/\/www.julienfournie.com\/en\/wp-content\/uploads\/sites\/4\/2024\/06\/Dilraba-9-X-300x175.jpg 300w, https:\/\/www.julienfournie.com\/en\/wp-content\/uploads\/sites\/4\/2024\/06\/Dilraba-9-X-1024x597.jpg 1024w, https:\/\/www.julienfournie.com\/en\/wp-content\/uploads\/sites\/4\/2024\/06\/Dilraba-9-X-768x448.jpg 768w, https:\/\/www.julienfournie.com\/en\/wp-content\/uploads\/sites\/4\/2024\/06\/Dilraba-9-X-1536x895.jpg 1536w, https:\/\/www.julienfournie.com\/en\/wp-content\/uploads\/sites\/4\/2024\/06\/Dilraba-9-X-1200x699.jpg 1200w, https:\/\/www.julienfournie.com\/en\/wp-content\/uploads\/sites\/4\/2024\/06\/Dilraba-9-X-600x350.jpg 600w\" sizes=\"auto, (max-width: 1560px) 100vw, 1560px\" \/><span aria-hidden=\"true\" class=\"wp-block-cover__background has-background-dim\" style=\"background-color:#1c1e1c\"><\/span><div class=\"wp-block-cover__inner-container is-layout-flow wp-block-cover-is-layout-flow\">\n<div class=\"wp-block-group is-content-justification-center is-layout-constrained wp-container-core-group-is-layout-5ab9ddcd wp-block-group-is-layout-constrained\" style=\"padding-right:60px;padding-left:60px\">\n<p class=\"has-white-color has-text-color has-link-color has-medium-font-size wp-elements-102c898cb35694feb051eea1b017604f\"><strong>Celebrities<\/strong><\/p>\n\n\n\n<p class=\"has-ast-global-color-1-color has-text-color has-link-color wp-elements-c86f2c4c3a8530085a7da9627183b001\" style=\"font-size:12px\">See all the celebrities who wear Julien Fourni\u00e9 Haute Couture.<\/p>\n\n\n\n<div class=\"wp-block-buttons is-content-justification-left is-layout-flex wp-container-core-buttons-is-layout-fc4fd283 wp-block-buttons-is-layout-flex\">\n<div class=\"wp-block-button\"><a class=\"wp-block-button__link has-custom-font-size wp-element-button\" href=\"http:\/\/See all the celebrities who wear Julien Fourni\u00e9 Haute Couture\" style=\"font-size:12px\" target=\"_blank\" rel=\"noreferrer noopener\">\u2192 See<\/a><\/div>\n<\/div>\n<\/div>\n<\/div><\/div>\n\n\n\n<h2 class=\"wp-block-heading has-text-align-left has-large-font-size\">You&#8217;re going to love this, too!<\/h2>\n\n\n\n<div class=\"wp-block-query is-layout-constrained wp-block-query-is-layout-constrained\"><ul class=\"wp-block-post-template is-layout-flow wp-block-post-template-is-layout-flow\"><li class=\"wp-block-post post-20718 post type-post status-publish format-standard has-post-thumbnail hentry category-events category-fashion\">\n\n<div class=\"wp-block-columns alignwide is-layout-flex wp-container-core-columns-is-layout-28f84493 wp-block-columns-is-layout-flex\">\n<div class=\"wp-block-column is-layout-flow wp-block-column-is-layout-flow\" style=\"flex-basis:66.66%\"><figure class=\"wp-block-post-featured-image\"><a href=\"https:\/\/www.julienfournie.com\/en\/bibi-zhou-aerospace-ceremony\/\" target=\"_self\"><img loading=\"lazy\" decoding=\"async\" width=\"1390\" height=\"869\" src=\"https:\/\/www.julienfournie.com\/en\/wp-content\/uploads\/sites\/4\/2026\/04\/Bibi-Zhou-\u5468\u7b14\u7545-Julien-Fournie-Haute-Couture5.jpg\" class=\"attachment-post-thumbnail size-post-thumbnail wp-post-image\" alt=\"Bibi Zhou in Julien Fourni\u00e9 Haute Couture\" style=\"object-fit:cover;\" srcset=\"https:\/\/www.julienfournie.com\/en\/wp-content\/uploads\/sites\/4\/2026\/04\/Bibi-Zhou-\u5468\u7b14\u7545-Julien-Fournie-Haute-Couture5.jpg 1390w, https:\/\/www.julienfournie.com\/en\/wp-content\/uploads\/sites\/4\/2026\/04\/Bibi-Zhou-\u5468\u7b14\u7545-Julien-Fournie-Haute-Couture5-300x188.jpg 300w, https:\/\/www.julienfournie.com\/en\/wp-content\/uploads\/sites\/4\/2026\/04\/Bibi-Zhou-\u5468\u7b14\u7545-Julien-Fournie-Haute-Couture5-1024x640.jpg 1024w, https:\/\/www.julienfournie.com\/en\/wp-content\/uploads\/sites\/4\/2026\/04\/Bibi-Zhou-\u5468\u7b14\u7545-Julien-Fournie-Haute-Couture5-768x480.jpg 768w, https:\/\/www.julienfournie.com\/en\/wp-content\/uploads\/sites\/4\/2026\/04\/Bibi-Zhou-\u5468\u7b14\u7545-Julien-Fournie-Haute-Couture5-600x375.jpg 600w\" sizes=\"auto, (max-width: 1390px) 100vw, 1390px\" title=\"\"><\/a><\/figure><\/div>\n\n\n\n<div class=\"wp-block-column is-layout-flow wp-block-column-is-layout-flow\" style=\"flex-basis:33.33%\"><h2 class=\"wp-block-post-title\"><a href=\"https:\/\/www.julienfournie.com\/en\/bibi-zhou-aerospace-ceremony\/\" target=\"_self\">Bibi Zhou in Julien Fourni\u00e9 Haute Couture<\/a><\/h2>\n\n<div class=\"wp-block-post-excerpt\"><p class=\"wp-block-post-excerpt__excerpt\">Bibi Zhou (\u5468\u7b14\u7545) in Julien Fourni\u00e9 Haute Couture. On April 24, 2026, at the solemn and vibrant Chinese Aerospace Ceremony,<\/p><p class=\"wp-block-post-excerpt__more-text\"><a class=\"wp-block-post-excerpt__more-link\" href=\"https:\/\/www.julienfournie.com\/en\/bibi-zhou-aerospace-ceremony\/\">See<\/a><\/p><\/div><\/div>\n<\/div>\n\n\n\n<div style=\"height:30px\" aria-hidden=\"true\" class=\"wp-block-spacer\"><\/div>\n\n<\/li><li class=\"wp-block-post post-20713 post type-post status-publish format-standard has-post-thumbnail hentry category-fashion category-in-the-press\">\n\n<div class=\"wp-block-columns alignwide is-layout-flex wp-container-core-columns-is-layout-28f84493 wp-block-columns-is-layout-flex\">\n<div class=\"wp-block-column is-layout-flow wp-block-column-is-layout-flow\" style=\"flex-basis:66.66%\"><figure class=\"wp-block-post-featured-image\"><a href=\"https:\/\/www.julienfournie.com\/en\/wu-lei-in-julien-fournie-haute-couture\/\" target=\"_self\"><img loading=\"lazy\" decoding=\"async\" width=\"960\" height=\"1240\" src=\"https:\/\/www.julienfournie.com\/en\/wp-content\/uploads\/sites\/4\/2026\/04\/IMG_2103.jpg\" class=\"attachment-post-thumbnail size-post-thumbnail wp-post-image\" alt=\"Wu Lei (\u5434\u78ca) graces the April 2026 issue of HERO wearing Julien Fourni\u00e9 Haute Couture\" style=\"object-fit:cover;\" srcset=\"https:\/\/www.julienfournie.com\/en\/wp-content\/uploads\/sites\/4\/2026\/04\/IMG_2103.jpg 960w, https:\/\/www.julienfournie.com\/en\/wp-content\/uploads\/sites\/4\/2026\/04\/IMG_2103-232x300.jpg 232w, https:\/\/www.julienfournie.com\/en\/wp-content\/uploads\/sites\/4\/2026\/04\/IMG_2103-793x1024.jpg 793w, https:\/\/www.julienfournie.com\/en\/wp-content\/uploads\/sites\/4\/2026\/04\/IMG_2103-768x992.jpg 768w, https:\/\/www.julienfournie.com\/en\/wp-content\/uploads\/sites\/4\/2026\/04\/IMG_2103-600x775.jpg 600w\" sizes=\"auto, (max-width: 960px) 100vw, 960px\" title=\"\"><\/a><\/figure><\/div>\n\n\n\n<div class=\"wp-block-column is-layout-flow wp-block-column-is-layout-flow\" style=\"flex-basis:33.33%\"><h2 class=\"wp-block-post-title\"><a href=\"https:\/\/www.julienfournie.com\/en\/wu-lei-in-julien-fournie-haute-couture\/\" target=\"_self\">Wu Lei (\u5434\u78ca) graces the April 2026 issue of HERO wearing Julien Fourni\u00e9 Haute Couture<\/a><\/h2>\n\n<div class=\"wp-block-post-excerpt\"><p class=\"wp-block-post-excerpt__excerpt\">For the April 2026 issue of HERO, actor and cultural icon Wu Lei (\u5434\u78ca) appears in a series of portraits<\/p><p class=\"wp-block-post-excerpt__more-text\"><a class=\"wp-block-post-excerpt__more-link\" href=\"https:\/\/www.julienfournie.com\/en\/wu-lei-in-julien-fournie-haute-couture\/\">See<\/a><\/p><\/div><\/div>\n<\/div>\n\n\n\n<div style=\"height:30px\" aria-hidden=\"true\" class=\"wp-block-spacer\"><\/div>\n\n<\/li><li class=\"wp-block-post post-20688 post type-post status-publish format-standard has-post-thumbnail hentry category-in-the-press category-fashion\">\n\n<div class=\"wp-block-columns alignwide is-layout-flex wp-container-core-columns-is-layout-28f84493 wp-block-columns-is-layout-flex\">\n<div class=\"wp-block-column is-layout-flow wp-block-column-is-layout-flow\" style=\"flex-basis:66.66%\"><figure class=\"wp-block-post-featured-image\"><a href=\"https:\/\/www.julienfournie.com\/en\/nini-%e5%80%aa%e5%a6%ae-in-julien-fournie-haute-couture\/\" target=\"_self\"><img loading=\"lazy\" decoding=\"async\" width=\"880\" height=\"1173\" src=\"https:\/\/www.julienfournie.com\/en\/wp-content\/uploads\/sites\/4\/2026\/04\/NNi-\u502a\u59ae-in-JULIEN-FOURNIE-HAUTE-COUTURE3.jpg\" class=\"attachment-post-thumbnail size-post-thumbnail wp-post-image\" alt=\"NiNi (\u502a\u59ae) in Julien Fourni\u00e9 Haute Couture In Kinfolk\" style=\"object-fit:cover;\" srcset=\"https:\/\/www.julienfournie.com\/en\/wp-content\/uploads\/sites\/4\/2026\/04\/NNi-\u502a\u59ae-in-JULIEN-FOURNIE-HAUTE-COUTURE3.jpg 880w, https:\/\/www.julienfournie.com\/en\/wp-content\/uploads\/sites\/4\/2026\/04\/NNi-\u502a\u59ae-in-JULIEN-FOURNIE-HAUTE-COUTURE3-225x300.jpg 225w, https:\/\/www.julienfournie.com\/en\/wp-content\/uploads\/sites\/4\/2026\/04\/NNi-\u502a\u59ae-in-JULIEN-FOURNIE-HAUTE-COUTURE3-768x1024.jpg 768w, https:\/\/www.julienfournie.com\/en\/wp-content\/uploads\/sites\/4\/2026\/04\/NNi-\u502a\u59ae-in-JULIEN-FOURNIE-HAUTE-COUTURE3-600x800.jpg 600w\" sizes=\"auto, (max-width: 880px) 100vw, 880px\" title=\"\"><\/a><\/figure><\/div>\n\n\n\n<div class=\"wp-block-column is-layout-flow wp-block-column-is-layout-flow\" style=\"flex-basis:33.33%\"><h2 class=\"wp-block-post-title\"><a href=\"https:\/\/www.julienfournie.com\/en\/nini-%e5%80%aa%e5%a6%ae-in-julien-fournie-haute-couture\/\" target=\"_self\">NiNi (\u502a\u59ae) in Julien Fourni\u00e9 Haute Couture In Kinfolk<\/a><\/h2>\n\n<div class=\"wp-block-post-excerpt\"><p class=\"wp-block-post-excerpt__excerpt\">Chinese actress NiNi (\u502a\u59ae) was recently photographed wearing a look from Julien Fourni\u00e9 Haute Couture for an exclusive Kinfolk feature.<\/p><p class=\"wp-block-post-excerpt__more-text\"><a class=\"wp-block-post-excerpt__more-link\" href=\"https:\/\/www.julienfournie.com\/en\/nini-%e5%80%aa%e5%a6%ae-in-julien-fournie-haute-couture\/\">See<\/a><\/p><\/div><\/div>\n<\/div>\n\n\n\n<div style=\"height:30px\" aria-hidden=\"true\" class=\"wp-block-spacer\"><\/div>\n\n<\/li><li class=\"wp-block-post post-20652 post type-post status-publish format-standard has-post-thumbnail hentry category-fashion category-in-the-press tag-haute-couture tag-haute-couture-dress\">\n\n<div class=\"wp-block-columns alignwide is-layout-flex wp-container-core-columns-is-layout-28f84493 wp-block-columns-is-layout-flex\">\n<div class=\"wp-block-column is-layout-flow wp-block-column-is-layout-flow\" style=\"flex-basis:66.66%\"><figure class=\"wp-block-post-featured-image\"><a href=\"https:\/\/www.julienfournie.com\/en\/cecilia-cheung-in-grazia-china\/\" target=\"_self\"><img loading=\"lazy\" decoding=\"async\" width=\"1330\" height=\"916\" src=\"https:\/\/www.julienfournie.com\/en\/wp-content\/uploads\/sites\/4\/2026\/04\/CECILIA-CHEUNG-IN-JULIEN-FOURNIE-HAUTE-COUTURE3.jpg\" class=\"attachment-post-thumbnail size-post-thumbnail wp-post-image\" alt=\"Cecilia Cheung in Julien Fourni\u00e9 Haute Couture SS 26 in Grazia china\" style=\"object-fit:cover;\" srcset=\"https:\/\/www.julienfournie.com\/en\/wp-content\/uploads\/sites\/4\/2026\/04\/CECILIA-CHEUNG-IN-JULIEN-FOURNIE-HAUTE-COUTURE3.jpg 1330w, https:\/\/www.julienfournie.com\/en\/wp-content\/uploads\/sites\/4\/2026\/04\/CECILIA-CHEUNG-IN-JULIEN-FOURNIE-HAUTE-COUTURE3-300x207.jpg 300w, https:\/\/www.julienfournie.com\/en\/wp-content\/uploads\/sites\/4\/2026\/04\/CECILIA-CHEUNG-IN-JULIEN-FOURNIE-HAUTE-COUTURE3-1024x705.jpg 1024w, https:\/\/www.julienfournie.com\/en\/wp-content\/uploads\/sites\/4\/2026\/04\/CECILIA-CHEUNG-IN-JULIEN-FOURNIE-HAUTE-COUTURE3-768x529.jpg 768w, https:\/\/www.julienfournie.com\/en\/wp-content\/uploads\/sites\/4\/2026\/04\/CECILIA-CHEUNG-IN-JULIEN-FOURNIE-HAUTE-COUTURE3-600x413.jpg 600w\" sizes=\"auto, (max-width: 1330px) 100vw, 1330px\" title=\"\"><\/a><\/figure><\/div>\n\n\n\n<div class=\"wp-block-column is-layout-flow wp-block-column-is-layout-flow\" style=\"flex-basis:33.33%\"><h2 class=\"wp-block-post-title\"><a href=\"https:\/\/www.julienfournie.com\/en\/cecilia-cheung-in-grazia-china\/\" target=\"_self\">Cecilia Cheung in Julien Fourni\u00e9 Haute Couture SS 26 in Grazia china<\/a><\/h2>\n\n<div class=\"wp-block-post-excerpt\"><p class=\"wp-block-post-excerpt__excerpt\">CECILIA CHEUNG the CRYSTALIZED ANGEL KNIGHT CECILIA CHEUNG (\u5f35\u6822\u829d) in Julien Fourni\u00e9 Haute Couture in Grazia china. Cecilia Cheung transforms<\/p><p class=\"wp-block-post-excerpt__more-text\"><a class=\"wp-block-post-excerpt__more-link\" href=\"https:\/\/www.julienfournie.com\/en\/cecilia-cheung-in-grazia-china\/\">See<\/a><\/p><\/div><\/div>\n<\/div>\n\n\n\n<div style=\"height:30px\" aria-hidden=\"true\" class=\"wp-block-spacer\"><\/div>\n\n<\/li><\/ul><\/div>\n\n\n\n\n\n\n\n<h2 class=\"wp-block-heading\">About Julien Fourni\u00e9<\/h2>\n\n\n\n<div class=\"wp-block-group has-ast-global-color-1-color has-black-background-color has-text-color has-background is-layout-flow wp-block-group-is-layout-flow\" style=\"border-width:1px\">\n<div class=\"wp-block-columns is-layout-flex wp-container-core-columns-is-layout-28f84493 wp-block-columns-is-layout-flex\">\n<div class=\"wp-block-column is-layout-flow wp-block-column-is-layout-flow\"><\/div>\n\n\n\n<div class=\"wp-block-column is-layout-flow wp-block-column-is-layout-flow\">\n<figure class=\"wp-block-image size-full\"><a href=\"https:\/\/www.julienfournie.com\/en\/wp-content\/uploads\/sites\/4\/2025\/06\/petitlogo.jpeg\"><img loading=\"lazy\" decoding=\"async\" width=\"640\" height=\"154\" src=\"https:\/\/www.julienfournie.com\/en\/wp-content\/uploads\/sites\/4\/2025\/06\/petitlogo.jpeg\" alt=\"Haute Couture show\" class=\"wp-image-18689\" title=\"\" srcset=\"https:\/\/www.julienfournie.com\/en\/wp-content\/uploads\/sites\/4\/2025\/06\/petitlogo.jpeg 640w, https:\/\/www.julienfournie.com\/en\/wp-content\/uploads\/sites\/4\/2025\/06\/petitlogo-300x72.jpeg 300w, https:\/\/www.julienfournie.com\/en\/wp-content\/uploads\/sites\/4\/2025\/06\/petitlogo-600x144.jpeg 600w, https:\/\/www.julienfournie.com\/en\/wp-content\/uploads\/sites\/4\/2025\/06\/petitlogo-150x36.jpeg 150w\" sizes=\"auto, (max-width: 640px) 100vw, 640px\" \/><\/a><\/figure>\n<\/div>\n\n\n\n<div class=\"wp-block-column is-layout-flow wp-block-column-is-layout-flow\"><\/div>\n<\/div>\n\n\n\n<p class=\"has-small-font-size\" style=\"border-style:none;border-width:0px\">More than a fashion brand, Maison Julien Fourni\u00e9 is a luxury experience that transcends trends and seasons. Driven by a commitment to excellence and innovation, Julien Fourni\u00e9 continuously redefines the world of ultra-luxury.<br>Founded in 2009, the house&#8217;s history is woven into its haute couture collections, presented in Paris every January and July during Haute Couture Week. For his debut collection, the young couturier was awarded the Grand Prize for Creativity by the City of Paris in January 2010. By his fourth collection in January 2011, Julien Fourni\u00e9 became a guest member of the official calendar of the Chambre Syndicale de la Haute Couture \u2014 a first step towards recognition among the great couturiers.<br>In January 2017, Maison Julien Fourni\u00e9 was officially classified as Haute Couture. This prestigious label, protected by the French Ministry of Industry, is held by only a handful of houses \u2014 currently ten \u2014 that unite the highest creativity in design with the finest standards of garment making.<br>Since its inception, the house has been invited to present its collections at prestigious events worldwide, bringing the couturier&#8217;s vision to luxury clients across the globe. In March 2023, a Julien Fourni\u00e9 gown worn by actress Audrey Fleurot entered the Mus\u00e9e Gr\u00e9vin in Paris. In April 2023, the first retrospective of Julien Fourni\u00e9&#8217;s work was held at SCAD Lacoste, in an exhibition entitled Haute Couture, un point c&#8217;est tout.<br>While honouring tradition, Julien Fourni\u00e9 has forged bold partnerships with high-tech leaders such as Apple and Tencent, digitising the creation, design and personalisation of his haute couture pieces. He stands among the rare couturiers to fully master the new digital tools. Clients are no longer mere spectators of the creative process \u2014 they have become active participants in the singular experience of creating a garment, wherever they may be.<br>Since December 2020, Julien Fourni\u00e9 has been developing a line of luxury bags and accessories, initially conceived to offer the iconic pieces seen on the runway \u2014 previously reserved for haute couture clients \u2014 to a wider audience.<\/p>\n\n\n\n<p class=\"has-small-font-size\" style=\"border-style:none;border-width:0px\"><\/p>\n<\/div>\n\n\n\n<p><\/p>\n","protected":false},"excerpt":{"rendered":"<p>C\u00e9sar 2025 Jules Reinartz nominated at the Cesars 2025 for Best Fiction Short Film with Ce qui appartient \u00e0 C\u00e9sar [&hellip;]<\/p>\n","protected":false},"author":2,"featured_media":18266,"comment_status":"closed","ping_status":"open","sticky":false,"template":"","format":"standard","meta":{"_uag_custom_page_level_css":"","site-sidebar-layout":"default","site-content-layout":"","ast-site-content-layout":"default","site-content-style":"default","site-sidebar-style":"default","ast-global-header-display":"","ast-banner-title-visibility":"","ast-main-header-display":"","ast-hfb-above-header-display":"","ast-hfb-below-header-display":"","ast-hfb-mobile-header-display":"","site-post-title":"","ast-breadcrumbs-content":"","ast-featured-img":"","footer-sml-layout":"","ast-disable-related-posts":"","theme-transparent-header-meta":"","adv-header-id-meta":"","stick-header-meta":"","header-above-stick-meta":"","header-main-stick-meta":"","header-below-stick-meta":"","astra-migrate-meta-layouts":"default","ast-page-background-enabled":"default","ast-page-background-meta":{"desktop":{"background-color":"var(--ast-global-color-5)","background-image":"","background-repeat":"repeat","background-position":"center center","background-size":"auto","background-attachment":"scroll","background-type":"","background-media":"","overlay-type":"","overlay-color":"","overlay-opacity":"","overlay-gradient":""},"tablet":{"background-color":"","background-image":"","background-repeat":"repeat","background-position":"center center","background-size":"auto","background-attachment":"scroll","background-type":"","background-media":"","overlay-type":"","overlay-color":"","overlay-opacity":"","overlay-gradient":""},"mobile":{"background-color":"","background-image":"","background-repeat":"repeat","background-position":"center center","background-size":"auto","background-attachment":"scroll","background-type":"","background-media":"","overlay-type":"","overlay-color":"","overlay-opacity":"","overlay-gradient":""}},"ast-content-background-meta":{"desktop":{"background-color":"var(--ast-global-color-4)","background-image":"","background-repeat":"repeat","background-position":"center center","background-size":"auto","background-attachment":"scroll","background-type":"","background-media":"","overlay-type":"","overlay-color":"","overlay-opacity":"","overlay-gradient":""},"tablet":{"background-color":"var(--ast-global-color-4)","background-image":"","background-repeat":"repeat","background-position":"center center","background-size":"auto","background-attachment":"scroll","background-type":"","background-media":"","overlay-type":"","overlay-color":"","overlay-opacity":"","overlay-gradient":""},"mobile":{"background-color":"var(--ast-global-color-4)","background-image":"","background-repeat":"repeat","background-position":"center center","background-size":"auto","background-attachment":"scroll","background-type":"","background-media":"","overlay-type":"","overlay-color":"","overlay-opacity":"","overlay-gradient":""}},"editor_notices":[],"footnotes":""},"categories":[38],"tags":[],"class_list":["post-18270","post","type-post","status-publish","format-standard","has-post-thumbnail","hentry","category-fashion"],"uagb_featured_image_src":{"full":["https:\/\/www.julienfournie.com\/en\/wp-content\/uploads\/sites\/4\/2025\/03\/Olivier-Reinartz-producteur-Nomme-meilleur-court-metrage-de-fiction-Cesars-2025-22Ce-qui-appartient-a-Cesar22.jpg",1270,1270,false],"thumbnail":["https:\/\/www.julienfournie.com\/en\/wp-content\/uploads\/sites\/4\/2025\/03\/Olivier-Reinartz-producteur-Nomme-meilleur-court-metrage-de-fiction-Cesars-2025-22Ce-qui-appartient-a-Cesar22-150x150.jpg",150,150,true],"medium":["https:\/\/www.julienfournie.com\/en\/wp-content\/uploads\/sites\/4\/2025\/03\/Olivier-Reinartz-producteur-Nomme-meilleur-court-metrage-de-fiction-Cesars-2025-22Ce-qui-appartient-a-Cesar22-300x300.jpg",300,300,true],"medium_large":["https:\/\/www.julienfournie.com\/en\/wp-content\/uploads\/sites\/4\/2025\/03\/Olivier-Reinartz-producteur-Nomme-meilleur-court-metrage-de-fiction-Cesars-2025-22Ce-qui-appartient-a-Cesar22-768x768.jpg",768,768,true],"large":["https:\/\/www.julienfournie.com\/en\/wp-content\/uploads\/sites\/4\/2025\/03\/Olivier-Reinartz-producteur-Nomme-meilleur-court-metrage-de-fiction-Cesars-2025-22Ce-qui-appartient-a-Cesar22-1024x1024.jpg",1024,1024,true],"1536x1536":["https:\/\/www.julienfournie.com\/en\/wp-content\/uploads\/sites\/4\/2025\/03\/Olivier-Reinartz-producteur-Nomme-meilleur-court-metrage-de-fiction-Cesars-2025-22Ce-qui-appartient-a-Cesar22.jpg",1270,1270,false],"2048x2048":["https:\/\/www.julienfournie.com\/en\/wp-content\/uploads\/sites\/4\/2025\/03\/Olivier-Reinartz-producteur-Nomme-meilleur-court-metrage-de-fiction-Cesars-2025-22Ce-qui-appartient-a-Cesar22.jpg",1270,1270,false],"woocommerce_thumbnail":["https:\/\/www.julienfournie.com\/en\/wp-content\/uploads\/sites\/4\/2025\/03\/Olivier-Reinartz-producteur-Nomme-meilleur-court-metrage-de-fiction-Cesars-2025-22Ce-qui-appartient-a-Cesar22-300x300.jpg",300,300,true],"woocommerce_single":["https:\/\/www.julienfournie.com\/en\/wp-content\/uploads\/sites\/4\/2025\/03\/Olivier-Reinartz-producteur-Nomme-meilleur-court-metrage-de-fiction-Cesars-2025-22Ce-qui-appartient-a-Cesar22-600x600.jpg",600,600,true],"woocommerce_gallery_thumbnail":["https:\/\/www.julienfournie.com\/en\/wp-content\/uploads\/sites\/4\/2025\/03\/Olivier-Reinartz-producteur-Nomme-meilleur-court-metrage-de-fiction-Cesars-2025-22Ce-qui-appartient-a-Cesar22-100x100.jpg",100,100,true]},"uagb_author_info":{"display_name":"Maison Julien Fourni\u00e9","author_link":"https:\/\/www.julienfournie.com\/en\/author\/joel\/"},"uagb_comment_info":0,"uagb_excerpt":"C\u00e9sar 2025 Jules Reinartz nominated at the Cesars 2025 for Best Fiction Short Film with Ce qui appartient \u00e0 C\u00e9sar [&hellip;]","_links":{"self":[{"href":"https:\/\/www.julienfournie.com\/en\/wp-json\/wp\/v2\/posts\/18270","targetHints":{"allow":["GET"]}}],"collection":[{"href":"https:\/\/www.julienfournie.com\/en\/wp-json\/wp\/v2\/posts"}],"about":[{"href":"https:\/\/www.julienfournie.com\/en\/wp-json\/wp\/v2\/types\/post"}],"author":[{"embeddable":true,"href":"https:\/\/www.julienfournie.com\/en\/wp-json\/wp\/v2\/users\/2"}],"replies":[{"embeddable":true,"href":"https:\/\/www.julienfournie.com\/en\/wp-json\/wp\/v2\/comments?post=18270"}],"version-history":[{"count":0,"href":"https:\/\/www.julienfournie.com\/en\/wp-json\/wp\/v2\/posts\/18270\/revisions"}],"wp:featuredmedia":[{"embeddable":true,"href":"https:\/\/www.julienfournie.com\/en\/wp-json\/wp\/v2\/media\/18266"}],"wp:attachment":[{"href":"https:\/\/www.julienfournie.com\/en\/wp-json\/wp\/v2\/media?parent=18270"}],"wp:term":[{"taxonomy":"category","embeddable":true,"href":"https:\/\/www.julienfournie.com\/en\/wp-json\/wp\/v2\/categories?post=18270"},{"taxonomy":"post_tag","embeddable":true,"href":"https:\/\/www.julienfournie.com\/en\/wp-json\/wp\/v2\/tags?post=18270"}],"curies":[{"name":"wp","href":"https:\/\/api.w.org\/{rel}","templated":true}]}}